{"id":3597,"date":"2026-08-31T11:00:12","date_gmt":"2026-08-31T15:00:12","guid":{"rendered":"https:\/\/regulacionconvergente.com\/?p=3597"},"modified":"2026-08-31T11:03:06","modified_gmt":"2026-08-31T15:03:06","slug":"la-conferencia-de-regulacionconvergente-ya-esta-aqui","status":"publish","type":"post","link":"http:\/\/regulacionconvergente.com\/english\/2026\/08\/31\/la-conferencia-de-regulacionconvergente-ya-esta-aqui\/","title":{"rendered":"La Conferencia de #Regulaci\u00f3nConvergente ya est\u00e1 aqu\u00ed"},"content":{"rendered":"<h3 class=\"wp-block-heading\">Los d\u00edas 2, 3 y 4 de septiembre llevaremos a cabo la Conferencia Internacional \u201cGobernanza y Regulaci\u00f3n Convergente de las Comunicaciones en la Era Digital: Instituciones, actores y factores cr\u00edticos en el contexto latinoamericano\u201d como parte de las actividades que comprometi\u00f3 el proyecto de investigaci\u00f3n en el cual se enmarca este bolet\u00edn y p\u00e1gina web.\u00a0<\/h3>\n\n\n\n<p class=\"wp-block-paragraph\">Llegar hasta aqu\u00ed ha sido un proceso largo. Una conferencia no parte el d\u00eda de su inauguraci\u00f3n, sino que mucho antes. Elegir la fecha, el lugar, los invitados internacionales, hacer el llamado a presentar propuestas, convocar un comit\u00e9 cient\u00edfico, evaluar las propuestas, organizar las mesas y paneles, preparar la log\u00edstica, hacer la difusi\u00f3n y, sobre todo, conseguir convocar a un grupo de personas a pensar y conversar, en clave regional y con una perspectiva de m\u00faltiples partes, sobre los desaf\u00edos de presente y futuro en torno a la convergencia digital desde el \u00e1ngulo de las comunicaciones.\u00a0<\/p>\n\n\n\n<p class=\"wp-block-paragraph\">El arco tem\u00e1tico de las mesas, paneles, charlas y conferencias magistrales del programa de esta Conferencia Internacional dan cuenta de las distintas capas que est\u00e1n impl\u00edcitas en el debate sobre institucionalidad de la regulaci\u00f3n convergente, tales como la concentraci\u00f3n de poder de las plataformas; la rendici\u00f3n de cuentas y la transparencia algor\u00edtmica; los derechos comunicativos y los l\u00edmites de la regulaci\u00f3n; la alfabetizaci\u00f3n medi\u00e1tica y NNA; la participaci\u00f3n ciudadana y legitimidad de la regulaci\u00f3n; la integridad de la informaci\u00f3n en el debate pol\u00edtico y los procesos electorales; infraestructuras, datos personales y soberan\u00eda digital; el impacto de la IA sobre las industrias culturales y medi\u00e1ticas; geopol\u00edtica, multilateralismo y capacidades institucionales nacionales.\u00a0<\/p>\n\n\n\n<p class=\"wp-block-paragraph\">Asimismo, el programa permite instalar en el debate p\u00fablico algunas de las preguntas clave del momento actual en torno a estos distintos desaf\u00edos, as\u00ed como es una invitaci\u00f3n a participar en la b\u00fasqueda de respuestas a ellas, como por ejemplo:\u00a0 \u00bfqu\u00e9 aspectos de la democracia est\u00e1n en juego en el actual escenario? \u00bfC\u00f3mo se gobierna y regula la convergencia digital? \u00bfpara qu\u00e9 regular? \u00bfa qui\u00e9n hay que regular? \u00bfCu\u00e1l es la estructura del poder que el regulador debe enfrentar? \u00bfc\u00f3mo regular leg\u00edtimamente? \u00bfQu\u00e9 tipo de ecosistema comunicacional queremos construir mediante la regulaci\u00f3n? \u00bfQui\u00e9n maneja las infraestructuras digitales? \u00bfPuede existir autonom\u00eda regulatoria si las infraestructuras fundamentales de la comunicaci\u00f3n est\u00e1n controladas por actores transnacionales?<\/p>\n\n\n\n<p class=\"wp-block-paragraph\">En s\u00edntesis, esta Conferencia Internacional busca respuestas sobre qu\u00e9 institucionalidad, frente a qu\u00e9 poderes, para proteger qu\u00e9 derechos, mediante qu\u00e9 mecanismos de participaci\u00f3n, sobre qu\u00e9 infraestructuras y con qu\u00e9 grado de soberan\u00eda podemos abordar los desaf\u00edos de la convergencia digital desde nuestra condici\u00f3n geopol\u00edtica espec\u00edfica<strong>.<\/strong> <\/p>\n\n\n\n<p class=\"wp-block-paragraph\">En otras palabras, qu\u00e9 capacidad tiene la sociedad democr\u00e1tica latinoamericana para gobernar las condiciones materiales, econ\u00f3micas, tecnol\u00f3gicas y culturales de su propio sistema de comunicaciones donde, tanto la creaci\u00f3n de contenidos, su circulaci\u00f3n y consumos se encuentran completamente integrados a la digitalizaci\u00f3n.\u00a0\u00a0<\/p>\n\n\n\n<p class=\"wp-block-paragraph\">La invitaci\u00f3n a participar queda abierta.<\/p>\n\n\n\n<p class=\"wp-block-paragraph\">Por Chiara S\u00e1ez, septiembre de 2026<\/p>","protected":false},"excerpt":{"rendered":"<p>Los d\u00edas 2, 3 y 4 de septiembre llevaremos a cabo la Conferencia Internacional \u201cGobernanza y Regulaci\u00f3n Convergente de las Comunicaciones en la Era Digital: Instituciones, actores y factores cr\u00edticos en el contexto latinoamericano\u201d como parte de las actividades que comprometi\u00f3 el proyecto de investigaci\u00f3n en el cual se enmarca este bolet\u00edn y p\u00e1gina web.\u00a0 [&hellip;]<\/p>\n","protected":false},"author":1,"featured_media":738,"comment_status":"open","ping_status":"open","sticky":false,"template":"","format":"standard","meta":{"nf_dc_page":"","_themeisle_gutenberg_block_has_review":false,"_jetpack_newsletter_access":"","_jetpack_dont_email_post_to_subs":false,"_jetpack_newsletter_tier_id":0,"_jetpack_memberships_contains_paywalled_content":false,"_jetpack_feature_clip_id":0,"_jetpack_memberships_contains_paid_content":false,"footnotes":"","jetpack_publicize_message":"","jetpack_publicize_feature_enabled":true,"jetpack_social_post_already_shared":true,"jetpack_social_options":{"image_generator_settings":{"template":"highway","default_image_id":0,"font":"","enabled":false},"version":2},"jetpack_post_was_ever_published":false},"categories":[66],"tags":[405,67,343,46,424,345],"class_list":["post-3597","post","type-post","status-publish","format-standard","has-post-thumbnail","hentry","category-editoriales2","tag-405","tag-chiara-saez","tag-conferencia","tag-editorial","tag-multiples-partes","tag-regulacion-convergente"],"jetpack_publicize_connections":[],"jetpack-related-posts":[],"jetpack_sharing_enabled":true,"jetpack_featured_media_url":"https:\/\/i0.wp.com\/regulacionconvergente.com\/wp-content\/uploads\/2023\/09\/Editorial-2.png?fit=1080%2C566&ssl=1","_links":{"self":[{"href":"http:\/\/regulacionconvergente.com\/english\/wp-json\/wp\/v2\/posts\/3597","targetHints":{"allow":["GET"]}}],"collection":[{"href":"http:\/\/regulacionconvergente.com\/english\/wp-json\/wp\/v2\/posts"}],"about":[{"href":"http:\/\/regulacionconvergente.com\/english\/wp-json\/wp\/v2\/types\/post"}],"author":[{"embeddable":true,"href":"http:\/\/regulacionconvergente.com\/english\/wp-json\/wp\/v2\/users\/1"}],"replies":[{"embeddable":true,"href":"http:\/\/regulacionconvergente.com\/english\/wp-json\/wp\/v2\/comments?post=3597"}],"version-history":[{"count":2,"href":"http:\/\/regulacionconvergente.com\/english\/wp-json\/wp\/v2\/posts\/3597\/revisions"}],"predecessor-version":[{"id":3599,"href":"http:\/\/regulacionconvergente.com\/english\/wp-json\/wp\/v2\/posts\/3597\/revisions\/3599"}],"wp:featuredmedia":[{"embeddable":true,"href":"http:\/\/regulacionconvergente.com\/english\/wp-json\/wp\/v2\/media\/738"}],"wp:attachment":[{"href":"http:\/\/regulacionconvergente.com\/english\/wp-json\/wp\/v2\/media?parent=3597"}],"wp:term":[{"taxonomy":"category","embeddable":true,"href":"http:\/\/regulacionconvergente.com\/english\/wp-json\/wp\/v2\/categories?post=3597"},{"taxonomy":"post_tag","embeddable":true,"href":"http:\/\/regulacionconvergente.com\/english\/wp-json\/wp\/v2\/tags?post=3597"}],"curies":[{"name":"wp","href":"https:\/\/api.w.org\/{rel}","templated":true}]}}