{"id":3600,"date":"2026-08-31T11:14:51","date_gmt":"2026-08-31T15:14:51","guid":{"rendered":"https:\/\/regulacionconvergente.com\/?p=3600"},"modified":"2026-08-31T11:23:19","modified_gmt":"2026-08-31T15:23:19","slug":"chile-sera-sede-de-conferencia-internacional-sobre-regulacion-digital-plataformas-e-inteligencia-artificial-en-america-latina","status":"publish","type":"post","link":"http:\/\/regulacionconvergente.com\/english\/2026\/08\/31\/chile-sera-sede-de-conferencia-internacional-sobre-regulacion-digital-plataformas-e-inteligencia-artificial-en-america-latina\/","title":{"rendered":"Chile ser\u00e1 sede de conferencia internacional sobre regulaci\u00f3n digital, plataformas e inteligencia artificial en Am\u00e9rica Latina"},"content":{"rendered":"<h3 class=\"wp-block-heading\">El encuentro se realizar\u00e1 del 2 al 4 de septiembre en la Universidad de Chile y reunir\u00e1 a especialistas de Chile, Am\u00e9rica Latina, Europa y Estados Unidos para discutir c\u00f3mo responder, desde la realidad latinoamericana, a los desaf\u00edos que plantean las plataformas digitales, la inteligencia artificial, la concentraci\u00f3n de los mercados, la desinformaci\u00f3n y la protecci\u00f3n de derechos en el ecosistema comunicacional.<\/h3>\n\n\n\n<p class=\"wp-block-paragraph\">\u00bfQu\u00e9 instituciones necesita Am\u00e9rica Latina para gobernar un ecosistema comunicacional marcado por el creciente poder de las plataformas digitales, la expansi\u00f3n de la inteligencia artificial y la convergencia entre medios, telecomunicaciones y servicios digitales? Esa pregunta estar\u00e1 en el centro de la Conferencia Internacional \u201cGobernanza y Regulaci\u00f3n Convergente de las Comunicaciones en la Era Digital: instituciones, actores y factores cr\u00edticos en el contexto latinoamericano\u201d, que se realizar\u00e1 del 2 al 4 de septiembre de 2026 en la Facultad de Gobierno de la Universidad de Chile.<\/p>\n\n\n\n<p class=\"wp-block-paragraph\">Organizado en el marco del Proyecto Fondecyt Regular 1230748 \u201cFactores cr\u00edticos para el establecimiento de una institucionalidad reguladora convergente de las comunicaciones en Chile\u201d, el encuentro busca situar el debate sobre regulaci\u00f3n y gobernanza digital desde las particularidades de Am\u00e9rica Latina, considerando sus desigualdades hist\u00f3ricas, trayectorias institucionales y desaf\u00edos pol\u00edticos, econ\u00f3micos, sociales y culturales.<\/p>\n\n\n\n<p class=\"wp-block-paragraph\">Durante tres jornadas, representantes de la academia, organismos p\u00fablicos, sociedad civil y organizaciones especializadas analizar\u00e1n asuntos que hoy tensionan los marcos regulatorios tradicionales, como el poder de las plataformas digitales, la inteligencia artificial y la transparencia algor\u00edtmica; la desinformaci\u00f3n y la integridad de la informaci\u00f3n; los derechos comunicativos y la libertad de expresi\u00f3n; la protecci\u00f3n de ni\u00f1os, ni\u00f1as y adolescentes en los entornos digitales; la concentraci\u00f3n econ\u00f3mica; las infraestructuras que sostienen estos espacios virtuales; y la soberan\u00eda tecnol\u00f3gica.<\/p>\n\n\n\n<p class=\"wp-block-paragraph\">La conferencia propone situar estas discusiones en las condiciones hist\u00f3ricas, institucionales, sociales y pol\u00edticas de Am\u00e9rica Latina, evitando trasladar de manera autom\u00e1tica modelos regulatorios desarrollados en otros contextos y poniendo atenci\u00f3n a las capacidades, desigualdades y tensiones propias de la regi\u00f3n.<\/p>\n\n\n\n<p class=\"wp-block-paragraph\">\u201cLa convergencia digital ha transformado profundamente el ecosistema de las comunicaciones, pero las instituciones y los marcos regulatorios no necesariamente han evolucionado al mismo ritmo. Por ello, a&nbsp; es importante que esta conversaci\u00f3n parta de las condiciones propias de Am\u00e9rica Latina y que permita pensar qu\u00e9&nbsp; tipo de institucionalidad necesitamos para enfrentar fen\u00f3menos que ya no pueden abordarse&nbsp; separando medios del sector de las&nbsp; telecomunicaciones, de las plataformas digitales y de la inteligencia artificial\u201d, se\u00f1ala Chiara S\u00e1ez, investigadora responsable del proyecto y acad\u00e9mica de la Facultad de Comunicaci\u00f3n e Imagen de la Universidad de Chile.<\/p>\n\n\n\n<h2 class=\"wp-block-heading\"><strong>Una discusi\u00f3n internacional desde Am\u00e9rica Latina<\/strong><\/h2>\n\n\n\n<p class=\"wp-block-paragraph\">El programa contempla tres conferencias internacionales que permitir\u00e1n contrastar experiencias regulatorias y perspectivas provenientes de Europa, de Am\u00e9rica Latina y del Sur Global.<\/p>\n\n\n\n<p class=\"wp-block-paragraph\">La conferencia inaugural estar\u00e1 a cargo de Rodrigo Cetina, profesor de Derecho y Pol\u00edticas P\u00fablicas de la UPF Barcelona School of Management, quien analizar\u00e1 el panorama europeo actual de gobernanza de la convergencia digital y las tensiones que emergen de la regulaci\u00f3n de las plataformas, de los sistemas de recomendaci\u00f3n algor\u00edtmica y de la&nbsp; inteligencia artificial.<\/p>\n\n\n\n<p class=\"wp-block-paragraph\">Desde Colombia, Sandra Milena Ortiz, directora del Departamento de Derecho, Comunicaciones y Tecnolog\u00edas de la Informaci\u00f3n de la Universidad Externado, abordar\u00e1 las condiciones y consecuencias de avanzar hacia modelos de convergencia institucional y regulatoria, tomando como referencia la experiencia colombiana en telecomunicaciones y audiovisual.<\/p>\n\n\n\n<p class=\"wp-block-paragraph\">El cierre estar\u00e1 a cargo de Kenzo Soares, Resident Fellow del Information Society Project de la Universidad de Yale, quien discutir\u00e1: \u201c\u00bfEs posible construir soberan\u00eda digital desde Am\u00e9rica Latina en el escenario de la IA?\u201d, poniendo el foco en los desaf\u00edos de la soberan\u00eda tecnol\u00f3gica, la participaci\u00f3n en el desarrollo de la inteligencia artificial y las capacidades regulatorias de los pa\u00edses del Sur Global.<\/p>\n\n\n\n<p class=\"wp-block-paragraph\">Al respecto, la acad\u00e9mica FCEI y co-investigadora del proyecto, Patricia Pe\u00f1a, indica que: \u201cNos parece clave debatir sobre soberan\u00eda digital en tiempos de inteligencia artificial y desde&nbsp; la realidad de Latinoam\u00e9rica, porque permite comprender los alcances de ser pa\u00edses dependientes de tecnolog\u00edas externas o no, especialmente en dimensiones como la gesti\u00f3n de los datos que&nbsp; se utilizan para entrenar estos sistemas. Es tambi\u00e9n una invitaci\u00f3n a pensar en c\u00f3mo dise\u00f1ar soluciones tecnol\u00f3gicas que respondan a nuestras realidades y necesidades locales, protegiendo los derechos de las&nbsp; comunidades y la sostenibilidad de los territorios\u201d.<\/p>\n\n\n\n<h2 class=\"wp-block-heading\"><strong>Plataformas, derechos, desinformaci\u00f3n e inteligencia artificial<\/strong><\/h2>\n\n\n\n<p class=\"wp-block-paragraph\">Uno de los principales focos de la conferencia ser\u00e1 el debate sobre la necesidad de actualizar las instituciones y las herramientas regulatorias frente al poder que han adquirido las plataformas digitales. El programa incluye discusiones sobre transparencia, acceso a la informaci\u00f3n y rendici\u00f3n de cuentas en sistemas medi\u00e1ticos y algor\u00edtmicos, as\u00ed como una mesa dedicada a la crisis de la autorregulaci\u00f3n y las nuevas tendencias en gobernanza de Internet y libertad de expresi\u00f3n en entornos digitales.<\/p>\n\n\n\n<p class=\"wp-block-paragraph\">Tambi\u00e9n se analizar\u00e1n las condiciones de competencia y concentraci\u00f3n en los ecosistemas comunicacionales digitales, incluyendo investigaciones comparadas sobre las institucionalidades regulatorias de pa\u00edses de la OCDE, estudios sobre la concentraci\u00f3n en medios e Internet, as\u00ed como an\u00e1lisis sobre regulaci\u00f3n, democracia y derecho a la comunicaci\u00f3n.<\/p>\n\n\n\n<p class=\"wp-block-paragraph\">Uno de los hitos de la segunda jornada ser\u00e1 la presentaci\u00f3n del informe \u201cInstitucionalidad para la regulaci\u00f3n de grandes plataformas digitales: de las Directrices de la UNESCO a la realidad sudamericana\u201d, desarrollado por OBSERVACOM con el apoyo de los investigadores del Proyecto Fondecyt 1230748.<\/p>\n\n\n\n<p class=\"wp-block-paragraph\">El panel ser\u00e1 moderado por Rodrigo Cetina y contar\u00e1 con la participaci\u00f3n de Mar\u00eda Capurro Robles, coordinadora de proyectos de OBSERVACOM; Eliana Rozas Ort\u00fazar, presidenta del Consejo Nacional de Televisi\u00f3n; y Sergio Pinto Briones, de UNESCO Santiago.<\/p>\n\n\n\n<h2 class=\"wp-block-heading\"><strong>Derechos y alfabetizaci\u00f3n medi\u00e1tica en el entorno digital<\/strong><\/h2>\n\n\n\n<p class=\"wp-block-paragraph\">La protecci\u00f3n de derechos ser\u00e1 otro de los ejes transversales del encuentro. El jueves 3 se desarrollar\u00e1 la mesa tem\u00e1tica \u201cGobernanza y regulaci\u00f3n convergente para proteger y promover los derechos de los ni\u00f1os, las ni\u00f1as y los adolescentes: una oportunidad desde el marco de la alfabetizaci\u00f3n medi\u00e1tica e informacional (AMI)\u201d.<\/p>\n\n\n\n<p class=\"wp-block-paragraph\">La instancia ser\u00e1 moderada por la periodista Fabiola Torres, de Internet Society Cap\u00edtulo Chile, y contar\u00e1 con la participaci\u00f3n de Rayen Condeza Dall&#8217;Orso, de la Pontificia Universidad Cat\u00f3lica de Chile y directora de la C\u00e1tedra UNESCO de Alfabetizaci\u00f3n Medi\u00e1tica e Informacional en los espacios digitales; Myrna Galvez Johnson, acad\u00e9mica de la Pontificia Universidad Cat\u00f3lica de Chile; Soledad Suit, directora de CNTV Infantil; Mar\u00eda Jos\u00e9 Labrador, consejera del Consejo de \u00c9tica de los Medios de Comunicaci\u00f3n; y Anuar Quesille, Defensor de la Ni\u00f1ez.<\/p>\n\n\n\n<p class=\"wp-block-paragraph\">La relaci\u00f3n entre plataformas y derechos fundamentales continuar\u00e1 durante la tercera jornada, con una mesa dedicada a los derechos comunicativos y a la tutela de los derechos fundamentales frente a plataformas y algoritmos, que incluir\u00e1&nbsp; discusiones sobre la libertad de expresi\u00f3n, el derecho a la comunicaci\u00f3n, los derechos de las infancias digitales y la jurisprudencia chilena vinculada a plataformas.<\/p>\n\n\n\n<p class=\"wp-block-paragraph\">\u201cPara abordar estos temas resulta clave contar con la participaci\u00f3n de distintas partes involucradas en las discusiones, organismos p\u00fablicos nacionales e internacionales, as\u00ed como organizaciones de la sociedad civil\u201d, destaca Javier Garc\u00eda, co-investigador del proyecto y acad\u00e9mico investigador del Observatorio de Gobernanza de la Facultad de Derecho de la Universidad de Las Am\u00e9ricas.<\/p>\n\n\n\n<h2 class=\"wp-block-heading\"><strong>Inteligencia artificial, soberan\u00eda digital e infraestructuras<\/strong><\/h2>\n\n\n\n<p class=\"wp-block-paragraph\">La inteligencia artificial ser\u00e1 abordada no solo como un fen\u00f3meno tecnol\u00f3gico, sino tambi\u00e9n por&nbsp; sus implicancias para la comunicaci\u00f3n, la cultura y la democracia.<\/p>\n\n\n\n<p class=\"wp-block-paragraph\">El viernes 4 se realizar\u00e1 el panel \u201cDesaf\u00edos para la gobernanza de una IA desde las comunicaciones y la cultura\u201d, moderado por Patricia Pe\u00f1a, acad\u00e9mica de la Universidad de Chile y co-investigadora del proyecto, que contar\u00e1 con la participaci\u00f3n de representantes de la academia, la televisi\u00f3n, las industrias culturales y el \u00e1mbito jur\u00eddico.<\/p>\n\n\n\n<p class=\"wp-block-paragraph\">El programa tambi\u00e9n incorpora una mesa sobre infraestructuras democr\u00e1ticas, soberan\u00eda digital y gobernanza transnacional de la comunicaci\u00f3n, en la que se discutir\u00e1n, entre otros asuntos, los riesgos y oportunidades de la inteligencia artificial para la comunicaci\u00f3n p\u00fablica, las infraestructuras digitales democr\u00e1ticas, el multilateralismo, la soberan\u00eda de datos y las estrategias frente a plataformas OTT.<\/p>\n\n\n\n<p class=\"wp-block-paragraph\">A esto se suman&nbsp; la charla \u201cTecnopol\u00edtica latinoamericana: construir autonom\u00eda digital desde los territorios\u201d, a cargo de Jader Gama, de <em>Cosmot\u00e9cnicas Amaz\u00f4nidas<\/em>, y una instancia dedicada al futuro de las infraestructuras digitales desde una perspectiva latinoamericana.<\/p>\n\n\n\n<h2 class=\"wp-block-heading\"><strong>Desinformaci\u00f3n, democracia e integridad de la informaci\u00f3n<\/strong><\/h2>\n\n\n\n<p class=\"wp-block-paragraph\">La relaci\u00f3n entre la regulaci\u00f3n digital y la calidad democr\u00e1tica tendr\u00e1 una presencia destacada durante la jornada de cierre.<\/p>\n\n\n\n<p class=\"wp-block-paragraph\">Una de las mesas analizar\u00e1 la desinformaci\u00f3n, la integridad de la informaci\u00f3n y las disputas de sentido en el espacio p\u00fablico digital, incluyendo perspectivas sobre discursos de odio, capitalismo digital, soberan\u00eda informacional, el sistema de Naciones Unidas y las disputas discursivas en torno al estallido social chileno.<\/p>\n\n\n\n<p class=\"wp-block-paragraph\">En paralelo, otra instancia abordar\u00e1 la posverdad, la fragmentaci\u00f3n medi\u00e1tica y los l\u00edmites de la regulaci\u00f3n en el ecosistema comunicacional digital, problematizando las condiciones actuales de circulaci\u00f3n y acceso a la informaci\u00f3n.<\/p>\n\n\n\n<p class=\"wp-block-paragraph\">El programa cerrar\u00e1 este eje con el panel \u201cPlataformas digitales e integridad de la informaci\u00f3n en procesos electorales\u201d, moderado por Mar\u00eda Cristina Escudero, acad\u00e9mica de la Facultad de Gobierno de la Universidad de Chile y consejera del Servicio Electoral de Chile.<\/p>\n\n\n\n<p class=\"wp-block-paragraph\">La instancia contar\u00e1 con la participaci\u00f3n de Valentina Salas, del Programa de las Naciones Unidas para el Desarrollo en Chile; Karen Alhu\u00e9, del Servicio Electoral de Chile; y Alejandra Sep\u00falveda, de IDEA Internacional.<\/p>\n\n\n\n<h2 class=\"wp-block-heading\"><strong>Participaci\u00f3n social y construcci\u00f3n de respuestas desde Am\u00e9rica Latina<\/strong><\/h2>\n\n\n\n<p class=\"wp-block-paragraph\">La conferencia tambi\u00e9n busca ampliar el debate m\u00e1s all\u00e1 de los \u00e1mbitos acad\u00e9micos y regulatorios tradicionales. El programa contempla un panel sobre los centros de pensamiento ante los desaf\u00edos de la convergencia digital, as\u00ed como un conversatorio sobre las condiciones para involucrar a la sociedad civil chilena en el debate sobre la institucionalidad y la gobernanza de la convergencia digital desde una perspectiva democr\u00e1tica y de derechos.<\/p>\n\n\n\n<p class=\"wp-block-paragraph\">Asimismo, una de las mesas estar\u00e1 dedicada espec\u00edficamente a la participaci\u00f3n y legitimidad en la gobernanza digital desde el Sur Global, incorporando investigaciones sobre regulaci\u00f3n participativa, gobernanza de contenidos, poder de las plataformas y experiencias provenientes de distintos pa\u00edses y contextos.<\/p>\n\n\n\n<p class=\"wp-block-paragraph\">De esta forma, el encuentro busca poner en di\u00e1logo experiencias regulatorias internacionales con las particularidades de Am\u00e9rica Latina y abrir una discusi\u00f3n sobre qu\u00e9 principios, instituciones y capacidades p\u00fablicas y sociales se requieren para enfrentar los desaf\u00edos de la convergencia digital.<\/p>\n\n\n\n<h2 class=\"wp-block-heading\"><strong>Una investigaci\u00f3n sobre el futuro de la regulaci\u00f3n de las comunicaciones en Chile<\/strong><\/h2>\n\n\n\n<p class=\"wp-block-paragraph\">La conferencia forma parte del Proyecto Fondecyt Regular 1230748 \u201cFactores cr\u00edticos para el establecimiento de una institucionalidad reguladora convergente de las comunicaciones en Chile\u201d, investigaci\u00f3n que estudia las condiciones necesarias para avanzar hacia una institucionalidad capaz de responder a la transformaci\u00f3n del ecosistema comunicacional.<\/p>\n\n\n\n<p class=\"wp-block-paragraph\">El proyecto es liderado por Chiara S\u00e1ez, de la Universidad de Chile, y cuenta con la participaci\u00f3n de Patricia Pe\u00f1a, de la misma casa de estudios, y Javier Garc\u00eda, de la Universidad de Las Am\u00e9ricas, como co-investigadores. A estos se suman los periodistas Jorge Avil\u00e9s, Diego C\u00e1ceres y Fabiola Torres, como asistentes de investigaci\u00f3n y comunicaciones.<\/p>\n\n\n\n<p class=\"wp-block-paragraph\">A trav\u00e9s de la&nbsp; investigaci\u00f3n comparada, el an\u00e1lisis institucional y los espacios de discusi\u00f3n con actores acad\u00e9micos, p\u00fablicos y sociales, el proyecto busca aportar evidencia al debate sobre la gobernanza y la regulaci\u00f3n convergente de las comunicaciones en Chile y Am\u00e9rica Latina.<\/p>\n\n\n\n<p class=\"wp-block-paragraph\">La realizaci\u00f3n de esta conferencia constituye uno de sus principales hitos de intercambio y discusi\u00f3n internacional, reuniendo durante tres d\u00edas distintas aproximaciones para&nbsp; fortalecer la democracia, los derechos y la capacidad regulatoria frente a un ecosistema digital cada vez m\u00e1s complejo.<\/p>\n\n\n\n<p class=\"wp-block-paragraph\">El evento cuenta con el apoyo del Ministerio de Ciencias, a trav\u00e9s de ANID Chile, de la Facultad de Gobierno de la Universidad de Chile, del cap\u00edtulo chileno de Internet Society y de NIC Chile.<\/p>\n\n\n\n<h2 class=\"wp-block-heading\"><strong>Informaci\u00f3n pr\u00e1ctica<\/strong><\/h2>\n\n\n\n<p class=\"wp-block-paragraph\"><strong>Evento<\/strong>: Conferencia Internacional \u201cGobernanza y Regulaci\u00f3n Convergente de las Comunicaciones en la Era Digital: instituciones, actores y factores cr\u00edticos en el contexto latinoamericano\u201d.<br><strong>Fechas<\/strong>: 2, 3 y 4 de septiembre de 2026.<br><strong>Lugar<\/strong>: Complejo VM20, Universidad de Chile.<br><strong>Direcci\u00f3n<\/strong>: Ram\u00f3n Carnicer 15, Providencia, Santiago.<br><strong>Modalidad<\/strong>: Asistencia presencial, con algunas charlas en formato h\u00edbrido.<br><strong>Acceso<\/strong>: Actividad gratuita, con inscripci\u00f3n previa obligatoria para ingresar al recinto.<br><strong>M\u00e1s informaci\u00f3n, programa e inscripciones<\/strong>:<br><a href=\"http:\/\/regulacionconvergente.com\/english\/conferencia-internacional-ircc-2026\/\">regulacionconvergente.com\/espanol\/conferencia-internacional-ircc-2026\/<\/a><br>Contacto: <a href=\"mailto:ftorres.scl@gmail.com\">ftorres.scl@gmail.com<\/a><\/p>","protected":false},"excerpt":{"rendered":"<p>El encuentro se realizar\u00e1 del 2 al 4 de septiembre en la Universidad de Chile y reunir\u00e1 a especialistas de Chile, Am\u00e9rica Latina, Europa y Estados Unidos para discutir c\u00f3mo responder, desde la realidad latinoamericana, a los desaf\u00edos que plantean las plataformas digitales, la inteligencia artificial, la concentraci\u00f3n de los mercados, la desinformaci\u00f3n y la [&hellip;]<\/p>\n","protected":false},"author":1,"featured_media":3605,"comment_status":"open","ping_status":"open","sticky":false,"template":"","format":"standard","meta":{"nf_dc_page":"","_themeisle_gutenberg_block_has_review":false,"_jetpack_newsletter_access":"","_jetpack_dont_email_post_to_subs":false,"_jetpack_newsletter_tier_id":0,"_jetpack_memberships_contains_paywalled_content":false,"_jetpack_feature_clip_id":0,"_jetpack_memberships_contains_paid_content":false,"footnotes":"","jetpack_publicize_message":"","jetpack_publicize_feature_enabled":true,"jetpack_social_post_already_shared":true,"jetpack_social_options":{"image_generator_settings":{"template":"highway","default_image_id":0,"font":"","enabled":false},"version":2},"jetpack_post_was_ever_published":false},"categories":[5],"tags":[405,343,345],"class_list":["post-3600","post","type-post","status-publish","format-standard","has-post-thumbnail","hentry","category-actualidad","tag-405","tag-conferencia","tag-regulacion-convergente"],"jetpack_publicize_connections":[],"jetpack-related-posts":[],"jetpack_sharing_enabled":true,"jetpack_featured_media_url":"https:\/\/i0.wp.com\/regulacionconvergente.com\/wp-content\/uploads\/2026\/08\/B17-N1.png?fit=1080%2C566&ssl=1","_links":{"self":[{"href":"http:\/\/regulacionconvergente.com\/english\/wp-json\/wp\/v2\/posts\/3600","targetHints":{"allow":["GET"]}}],"collection":[{"href":"http:\/\/regulacionconvergente.com\/english\/wp-json\/wp\/v2\/posts"}],"about":[{"href":"http:\/\/regulacionconvergente.com\/english\/wp-json\/wp\/v2\/types\/post"}],"author":[{"embeddable":true,"href":"http:\/\/regulacionconvergente.com\/english\/wp-json\/wp\/v2\/users\/1"}],"replies":[{"embeddable":true,"href":"http:\/\/regulacionconvergente.com\/english\/wp-json\/wp\/v2\/comments?post=3600"}],"version-history":[{"count":2,"href":"http:\/\/regulacionconvergente.com\/english\/wp-json\/wp\/v2\/posts\/3600\/revisions"}],"predecessor-version":[{"id":3604,"href":"http:\/\/regulacionconvergente.com\/english\/wp-json\/wp\/v2\/posts\/3600\/revisions\/3604"}],"wp:featuredmedia":[{"embeddable":true,"href":"http:\/\/regulacionconvergente.com\/english\/wp-json\/wp\/v2\/media\/3605"}],"wp:attachment":[{"href":"http:\/\/regulacionconvergente.com\/english\/wp-json\/wp\/v2\/media?parent=3600"}],"wp:term":[{"taxonomy":"category","embeddable":true,"href":"http:\/\/regulacionconvergente.com\/english\/wp-json\/wp\/v2\/categories?post=3600"},{"taxonomy":"post_tag","embeddable":true,"href":"http:\/\/regulacionconvergente.com\/english\/wp-json\/wp\/v2\/tags?post=3600"}],"curies":[{"name":"wp","href":"https:\/\/api.w.org\/{rel}","templated":true}]}}