{"id":3611,"date":"2026-09-01T11:24:00","date_gmt":"2026-09-01T15:24:00","guid":{"rendered":"https:\/\/regulacionconvergente.com\/?p=3611"},"modified":"2026-09-01T11:24:00","modified_gmt":"2026-09-01T15:24:00","slug":"boletin-17-la-conferencia-de-regulacionconvergente-ya-esta-aqui","status":"publish","type":"post","link":"http:\/\/regulacionconvergente.com\/espanol\/2026\/09\/01\/boletin-17-la-conferencia-de-regulacionconvergente-ya-esta-aqui\/","title":{"rendered":"#Bolet\u00edn 17: La conferencia de #Regulaci\u00f3nConvergente ya est\u00e1 aqu\u00ed"},"content":{"rendered":"\n<p class=\"wp-block-paragraph\">Te invitamos a revisar la edici\u00f3n N\u00b017 de nuestro bolet\u00edn, donde presentamos las principales actividades, avances de investigaci\u00f3n y debates desarrollados durante los \u00faltimos meses por el equipo del Fondecyt sobre Regulaci\u00f3n Convergente.<\/p>\n\n\n\n<p class=\"wp-block-paragraph\">En esta edici\u00f3n, la investigadora responsable del proyecto, Chiara S\u00e1ez, reflexiona sobre los desaf\u00edos que motivan la Conferencia Internacional \u201cGobernanza y Regulaci\u00f3n Convergente de las Comunicaciones en la Era Digital: Instituciones, actores y factores cr\u00edticos en el contexto latinoamericano\u201d, que se realizar\u00e1 los d\u00edas 2, 3 y 4 de septiembre en la Universidad de Chile. En su editorial, aborda algunas de las preguntas que estar\u00e1n en el centro del encuentro: qu\u00e9 institucionalidad requiere la regulaci\u00f3n convergente, frente a qu\u00e9 poderes debe actuar, qu\u00e9 derechos debe proteger y con qu\u00e9 mecanismos de participaci\u00f3n y grados de soberan\u00eda pueden las sociedades latinoamericanas gobernar sus actuales ecosistemas comunicacionales.<\/p>\n\n\n\n<p class=\"wp-block-paragraph\">Asimismo, compartimos los detalles de esta Conferencia Internacional, que reunir\u00e1 a representantes de la academia, organismos p\u00fablicos, sociedad civil y organizaciones especializadas para debatir sobre el poder de las plataformas digitales, inteligencia artificial, transparencia algor\u00edtmica, derechos comunicativos, integridad de la informaci\u00f3n, protecci\u00f3n de ni\u00f1os, ni\u00f1as y adolescentes, infraestructuras digitales y soberan\u00eda tecnol\u00f3gica, entre otros desaf\u00edos del actual escenario comunicacional.<\/p>\n\n\n\n<p class=\"wp-block-paragraph\">En esta nueva entrega podr\u00e1s conocer, adem\u00e1s, la participaci\u00f3n de investigadores del proyecto en los congresos ALAS 2026 y ALAIC 2026, donde presentaron avances sobre institucionalidad reguladora y pol\u00edticas de comunicaci\u00f3n en Chile y Am\u00e9rica Latina. Tambi\u00e9n destacamos el di\u00e1logo desarrollado con organizaciones de la sociedad civil en torno a sus capacidades, barreras y oportunidades para incidir en la gobernanza de la convergencia digital.<\/p>\n\n\n\n<p class=\"wp-block-paragraph\">El bolet\u00edn incluye adem\u00e1s la columna de Chiara S\u00e1ez y Patricia Pe\u00f1a sobre los desaf\u00edos que plantea la regulaci\u00f3n de las plataformas digitales en Chile, junto con el Policy Paper \u201cGobernanza de plataformas digitales en Chile: antecedentes y recomendaciones desde la evidencia\u201d. Finalmente, recomendamos nuevos contenidos para profundizar en la discusi\u00f3n sobre pantallas, algoritmos, regulaci\u00f3n y las responsabilidades de las plataformas frente a la protecci\u00f3n de ni\u00f1os, ni\u00f1as y adolescentes.<\/p>\n\n\n\n<p class=\"wp-block-paragraph\"><strong><a href=\"https:\/\/us13.campaign-archive.com\/?u=9c9003d8c6799076bd3143a1e&amp;id=9b3e242071\"><span style=\"text-decoration: underline;\">Revisa estas noticias y mucho m\u00e1s en la nueva edici\u00f3n de nuestro bolet\u00edn.<\/span><\/a><\/strong><\/p>\n","protected":false},"excerpt":{"rendered":"<p>Te invitamos a revisar la edici\u00f3n N\u00b017 de nuestro bolet\u00edn, donde presentamos las principales actividades, avances de investigaci\u00f3n y debates desarrollados durante los \u00faltimos meses por el equipo del Fondecyt sobre Regulaci\u00f3n Convergente. En esta edici\u00f3n, la investigadora responsable del proyecto, Chiara S\u00e1ez, reflexiona sobre los desaf\u00edos que motivan la Conferencia Internacional \u201cGobernanza y Regulaci\u00f3n [&hellip;]<\/p>\n","protected":false},"author":7,"featured_media":3612,"comment_status":"open","ping_status":"open","sticky":false,"template":"","format":"standard","meta":{"nf_dc_page":"","_themeisle_gutenberg_block_has_review":false,"_jetpack_newsletter_access":"","_jetpack_dont_email_post_to_subs":false,"_jetpack_newsletter_tier_id":0,"_jetpack_memberships_contains_paywalled_content":false,"_jetpack_feature_clip_id":0,"_jetpack_memberships_contains_paid_content":false,"footnotes":"","jetpack_publicize_message":"","jetpack_publicize_feature_enabled":true,"jetpack_social_post_already_shared":true,"jetpack_social_options":{"image_generator_settings":{"template":"highway","default_image_id":0,"font":"","enabled":false},"version":2},"jetpack_post_was_ever_published":false},"categories":[43,5],"tags":[50,67,77,59,46,68,42,33,239,54],"class_list":["post-3611","post","type-post","status-publish","format-standard","has-post-thumbnail","hentry","category-newsletter","category-actualidad","tag-boletin","tag-chiara-saez","tag-convergencia","tag-desinformacion","tag-editorial","tag-javier-garcia","tag-newsletters","tag-noticias","tag-patricia-pena","tag-regulacion"],"jetpack_publicize_connections":[],"jetpack-related-posts":[],"jetpack_sharing_enabled":true,"jetpack_featured_media_url":"https:\/\/i0.wp.com\/regulacionconvergente.com\/wp-content\/uploads\/2026\/09\/IRCC-BOLETINES-1080-x-566.jpg?fit=1080%2C566&ssl=1","_links":{"self":[{"href":"http:\/\/regulacionconvergente.com\/espanol\/wp-json\/wp\/v2\/posts\/3611","targetHints":{"allow":["GET"]}}],"collection":[{"href":"http:\/\/regulacionconvergente.com\/espanol\/wp-json\/wp\/v2\/posts"}],"about":[{"href":"http:\/\/regulacionconvergente.com\/espanol\/wp-json\/wp\/v2\/types\/post"}],"author":[{"embeddable":true,"href":"http:\/\/regulacionconvergente.com\/espanol\/wp-json\/wp\/v2\/users\/7"}],"replies":[{"embeddable":true,"href":"http:\/\/regulacionconvergente.com\/espanol\/wp-json\/wp\/v2\/comments?post=3611"}],"version-history":[{"count":1,"href":"http:\/\/regulacionconvergente.com\/espanol\/wp-json\/wp\/v2\/posts\/3611\/revisions"}],"predecessor-version":[{"id":3613,"href":"http:\/\/regulacionconvergente.com\/espanol\/wp-json\/wp\/v2\/posts\/3611\/revisions\/3613"}],"wp:featuredmedia":[{"embeddable":true,"href":"http:\/\/regulacionconvergente.com\/espanol\/wp-json\/wp\/v2\/media\/3612"}],"wp:attachment":[{"href":"http:\/\/regulacionconvergente.com\/espanol\/wp-json\/wp\/v2\/media?parent=3611"}],"wp:term":[{"taxonomy":"category","embeddable":true,"href":"http:\/\/regulacionconvergente.com\/espanol\/wp-json\/wp\/v2\/categories?post=3611"},{"taxonomy":"post_tag","embeddable":true,"href":"http:\/\/regulacionconvergente.com\/espanol\/wp-json\/wp\/v2\/tags?post=3611"}],"curies":[{"name":"wp","href":"https:\/\/api.w.org\/{rel}","templated":true}]}}